{"id":942,"date":"2011-03-12T08:06:49","date_gmt":"2011-03-12T08:06:49","guid":{"rendered":"https:\/\/www.visiterarles.com\/?p=942"},"modified":"2011-03-16T13:20:46","modified_gmt":"2011-03-16T13:20:46","slug":"programme-feria-de-paques-2011-a-arles","status":"publish","type":"post","link":"https:\/\/www.visiterarles.com\/en\/blog\/2011\/03\/12\/programme-feria-de-paques-2011-a-arles\/","title":{"rendered":"Programme F\u00e9ria de P\u00e2ques 2011 \u00e0 Arles"},"content":{"rendered":"<p>Taco and Co, service de \u00a0transport pour les festa\u00efres depuis les parkings vers le CV pendant la f\u00e9ria, vous pr\u00e9sente le programme de la f\u00e9ria de P\u00e2ques 2011 qui aura lieu du 22 au 25 Avri l \u00e0 Arles.<\/p>\n<figure id=\"attachment_943\" aria-describedby=\"caption-attachment-943\" style=\"width: 150px\" class=\"wp-caption aligncenter\"><a href=\"https:\/\/www.visiterarles.com\/wp-content\/uploads\/2011\/03\/Affiche-f\u00e9ria-P\u00e2ques-2011.jpg\"><img decoding=\"async\" class=\"size-medium wp-image-943\" title=\"Affiche f\u00e9ria P\u00e2ques 2011\" src=\"https:\/\/www.visiterarles.com\/wp-content\/uploads\/2011\/03\/Affiche-f\u00e9ria-P\u00e2ques-2011-150x300.jpg\" alt=\"Affiche f\u00e9ria P\u00e2ques 2011\" width=\"150\" height=\"300\" srcset=\"https:\/\/www.visiterarles.com\/wp-content\/uploads\/2011\/03\/Affiche-f\u00e9ria-P\u00e2ques-2011-150x300.jpg 150w, https:\/\/www.visiterarles.com\/wp-content\/uploads\/2011\/03\/Affiche-f\u00e9ria-P\u00e2ques-2011-512x1024.jpg 512w, https:\/\/www.visiterarles.com\/wp-content\/uploads\/2011\/03\/Affiche-f\u00e9ria-P\u00e2ques-2011.jpg 800w\" sizes=\"(max-width: 150px) 100vw, 150px\" \/><\/a><figcaption id=\"caption-attachment-943\" class=\"wp-caption-text\">Affiche f\u00e9ria P\u00e2ques 2011<\/figcaption><\/figure>\n<p><a href=\"http:\/\/www.feriaarles.com\/?menu=3\" target=\"_blank\">http:\/\/www.feriaarles.com\/?menu=3<\/a><\/p>\n<p>R\u00e9servez vos places pour les corridas d\u00e8s maintenant:<\/p>\n<p><a href=\"http:\/\/www.arenes-arles.com\/arles_info\/reservations\/reservations.html\" target=\"_blank\">http:\/\/www.arenes-arles.com\/arles_info\/reservations\/reservations.html<\/a><\/p>\n<p>Pour toutes r\u00e9servations ou informations, n&rsquo;h\u00e9sitez pas \u00e0 nous t\u00e9l\u00e9phoner au 0650296000 ou nous \u00e9crire ci dessous:<\/p>\n<p><!--cforms name=\"Contact\"--><\/p>\n<p>&nbsp;<\/p>\n<p>&nbsp;<\/p>\n<p>&nbsp;<\/p>\n<p>R\u00e9servez vos places d\u00e8s maintenant pour les corridas de la f\u00e9ria de P\u00e2ques qui se d\u00e9roulera du 22 au 25 Avril \u00e0 Arles.<\/p>","protected":false},"excerpt":{"rendered":"<p>Taco and Co, service de \u00a0transport pour les festa\u00efres depuis les parkings vers le CV pendant la f\u00e9ria, vous pr\u00e9sente le programme de la f\u00e9ria de P\u00e2ques 2011 qui aura lieu du 22 au 25 Avri l \u00e0 Arles. http:\/\/www.feriaarles.com\/?menu=3 R\u00e9servez vos places pour les corridas d\u00e8s maintenant: http:\/\/www.arenes-arles.com\/arles_info\/reservations\/reservations.html Pour toutes r\u00e9servations ou informations, n&rsquo;h\u00e9sitez [&hellip;]<\/p>","protected":false},"author":2,"featured_media":943,"comment_status":"closed","ping_status":"closed","sticky":false,"template":"","format":"standard","meta":{"footnotes":""},"categories":[4,3,16,15],"tags":[],"aioseo_notices":[],"yoast_head":"<!-- This site is optimized with the Yoast SEO plugin v22.3 - https:\/\/yoast.com\/wordpress\/plugins\/seo\/ -->\n<title>Programme F\u00e9ria de P\u00e2ques 2011 \u00e0 Arles  - Visiter Arles<\/title>\n<meta name=\"robots\" content=\"index, follow, max-snippet:-1, max-image-preview:large, max-video-preview:-1\" \/>\n<link rel=\"canonical\" href=\"https:\/\/www.visiterarles.com\/en\/blog\/2011\/03\/12\/programme-feria-de-paques-2011-a-arles\/\" \/>\n<meta name=\"twitter:label1\" content=\"Written by\" \/>\n\t<meta name=\"twitter:data1\" content=\"damien\" \/>\n\t<meta name=\"twitter:label2\" content=\"Estimated reading time\" \/>\n\t<meta name=\"twitter:data2\" content=\"1 minute\" \/>\n<script type=\"application\/ld+json\" class=\"yoast-schema-graph\">{\"@context\":\"https:\/\/schema.org\",\"@graph\":[{\"@type\":\"Article\",\"@id\":\"https:\/\/www.visiterarles.com\/en\/blog\/2011\/03\/12\/programme-feria-de-paques-2011-a-arles\/#article\",\"isPartOf\":{\"@id\":\"https:\/\/www.visiterarles.com\/en\/blog\/2011\/03\/12\/programme-feria-de-paques-2011-a-arles\/\"},\"author\":{\"name\":\"damien\",\"@id\":\"https:\/\/www.visiterarles.com\/en\/#\/schema\/person\/0ef93571b2fe272c676137a002139d56\"},\"headline\":\"Programme F\u00e9ria de P\u00e2ques 2011 \u00e0 Arles\",\"datePublished\":\"2011-03-12T08:06:49+00:00\",\"dateModified\":\"2011-03-16T13:20:46+00:00\",\"mainEntityOfPage\":{\"@id\":\"https:\/\/www.visiterarles.com\/en\/blog\/2011\/03\/12\/programme-feria-de-paques-2011-a-arles\/\"},\"wordCount\":132,\"publisher\":{\"@id\":\"https:\/\/www.visiterarles.com\/en\/#organization\"},\"image\":{\"@id\":\"https:\/\/www.visiterarles.com\/en\/blog\/2011\/03\/12\/programme-feria-de-paques-2011-a-arles\/#primaryimage\"},\"thumbnailUrl\":\"https:\/\/www.visiterarles.com\/wp-content\/uploads\/2011\/03\/Affiche-f\u00e9ria-P\u00e2ques-2011.jpg\",\"articleSection\":[\"accueil\",\"Actualit\u00e9s\",\"L'agenda d'Arles\",\"Liens utiles\"],\"inLanguage\":\"en-GB\"},{\"@type\":\"WebPage\",\"@id\":\"https:\/\/www.visiterarles.com\/en\/blog\/2011\/03\/12\/programme-feria-de-paques-2011-a-arles\/\",\"url\":\"https:\/\/www.visiterarles.com\/en\/blog\/2011\/03\/12\/programme-feria-de-paques-2011-a-arles\/\",\"name\":\"Programme F\u00e9ria de P\u00e2ques 2011 \u00e0 Arles - Visiter Arles\",\"isPartOf\":{\"@id\":\"https:\/\/www.visiterarles.com\/en\/#website\"},\"primaryImageOfPage\":{\"@id\":\"https:\/\/www.visiterarles.com\/en\/blog\/2011\/03\/12\/programme-feria-de-paques-2011-a-arles\/#primaryimage\"},\"image\":{\"@id\":\"https:\/\/www.visiterarles.com\/en\/blog\/2011\/03\/12\/programme-feria-de-paques-2011-a-arles\/#primaryimage\"},\"thumbnailUrl\":\"https:\/\/www.visiterarles.com\/wp-content\/uploads\/2011\/03\/Affiche-f\u00e9ria-P\u00e2ques-2011.jpg\",\"datePublished\":\"2011-03-12T08:06:49+00:00\",\"dateModified\":\"2011-03-16T13:20:46+00:00\",\"breadcrumb\":{\"@id\":\"https:\/\/www.visiterarles.com\/en\/blog\/2011\/03\/12\/programme-feria-de-paques-2011-a-arles\/#breadcrumb\"},\"inLanguage\":\"en-GB\",\"potentialAction\":[{\"@type\":\"ReadAction\",\"target\":[\"https:\/\/www.visiterarles.com\/en\/blog\/2011\/03\/12\/programme-feria-de-paques-2011-a-arles\/\"]}]},{\"@type\":\"ImageObject\",\"inLanguage\":\"en-GB\",\"@id\":\"https:\/\/www.visiterarles.com\/en\/blog\/2011\/03\/12\/programme-feria-de-paques-2011-a-arles\/#primaryimage\",\"url\":\"https:\/\/www.visiterarles.com\/wp-content\/uploads\/2011\/03\/Affiche-f\u00e9ria-P\u00e2ques-2011.jpg\",\"contentUrl\":\"https:\/\/www.visiterarles.com\/wp-content\/uploads\/2011\/03\/Affiche-f\u00e9ria-P\u00e2ques-2011.jpg\",\"width\":\"800\",\"height\":\"1600\",\"caption\":\"Affiche f\u00e9ria P\u00e2ques 2011\"},{\"@type\":\"BreadcrumbList\",\"@id\":\"https:\/\/www.visiterarles.com\/en\/blog\/2011\/03\/12\/programme-feria-de-paques-2011-a-arles\/#breadcrumb\",\"itemListElement\":[{\"@type\":\"ListItem\",\"position\":1,\"name\":\"Home\",\"item\":\"https:\/\/www.visiterarles.com\/\"},{\"@type\":\"ListItem\",\"position\":2,\"name\":\"Programme F\u00e9ria de P\u00e2ques 2011 \u00e0 Arles\"}]},{\"@type\":\"WebSite\",\"@id\":\"https:\/\/www.visiterarles.com\/en\/#website\",\"url\":\"https:\/\/www.visiterarles.com\/en\/\",\"name\":\"Visiter Arles\",\"description\":\"Tourisme en Provence \u00e0 Arles\",\"publisher\":{\"@id\":\"https:\/\/www.visiterarles.com\/en\/#organization\"},\"potentialAction\":[{\"@type\":\"SearchAction\",\"target\":{\"@type\":\"EntryPoint\",\"urlTemplate\":\"https:\/\/www.visiterarles.com\/en\/?s={search_term_string}\"},\"query-input\":\"required name=search_term_string\"}],\"inLanguage\":\"en-GB\"},{\"@type\":\"Organization\",\"@id\":\"https:\/\/www.visiterarles.com\/en\/#organization\",\"name\":\"Visiter Arles\",\"url\":\"https:\/\/www.visiterarles.com\/en\/\",\"logo\":{\"@type\":\"ImageObject\",\"inLanguage\":\"en-GB\",\"@id\":\"https:\/\/www.visiterarles.com\/en\/#\/schema\/logo\/image\/\",\"url\":\"https:\/\/www.visiterarles.com\/wp-content\/uploads\/2017\/10\/taco-and-co-1-1.jpg\",\"contentUrl\":\"https:\/\/www.visiterarles.com\/wp-content\/uploads\/2017\/10\/taco-and-co-1-1.jpg\",\"width\":124,\"height\":73,\"caption\":\"Visiter Arles\"},\"image\":{\"@id\":\"https:\/\/www.visiterarles.com\/en\/#\/schema\/logo\/image\/\"}},{\"@type\":\"Person\",\"@id\":\"https:\/\/www.visiterarles.com\/en\/#\/schema\/person\/0ef93571b2fe272c676137a002139d56\",\"name\":\"damien\",\"image\":{\"@type\":\"ImageObject\",\"inLanguage\":\"en-GB\",\"@id\":\"https:\/\/www.visiterarles.com\/en\/#\/schema\/person\/image\/\",\"url\":\"https:\/\/secure.gravatar.com\/avatar\/7a0d4f0af72a2d627adac81a8c10a5b6?s=96&d=mm&r=g\",\"contentUrl\":\"https:\/\/secure.gravatar.com\/avatar\/7a0d4f0af72a2d627adac81a8c10a5b6?s=96&d=mm&r=g\",\"caption\":\"damien\"},\"url\":\"https:\/\/www.visiterarles.com\/en\/blog\/author\/damien\/\"}]}<\/script>\n<!-- \/ Yoast SEO plugin. -->","yoast_head_json":{"title":"Programme F\u00e9ria de P\u00e2ques 2011 \u00e0 Arles  - Visiter Arles","robots":{"index":"index","follow":"follow","max-snippet":"max-snippet:-1","max-image-preview":"max-image-preview:large","max-video-preview":"max-video-preview:-1"},"canonical":"https:\/\/www.visiterarles.com\/en\/blog\/2011\/03\/12\/programme-feria-de-paques-2011-a-arles\/","twitter_misc":{"Written by":"damien","Estimated reading time":"1 minute"},"schema":{"@context":"https:\/\/schema.org","@graph":[{"@type":"Article","@id":"https:\/\/www.visiterarles.com\/en\/blog\/2011\/03\/12\/programme-feria-de-paques-2011-a-arles\/#article","isPartOf":{"@id":"https:\/\/www.visiterarles.com\/en\/blog\/2011\/03\/12\/programme-feria-de-paques-2011-a-arles\/"},"author":{"name":"damien","@id":"https:\/\/www.visiterarles.com\/en\/#\/schema\/person\/0ef93571b2fe272c676137a002139d56"},"headline":"Programme F\u00e9ria de P\u00e2ques 2011 \u00e0 Arles","datePublished":"2011-03-12T08:06:49+00:00","dateModified":"2011-03-16T13:20:46+00:00","mainEntityOfPage":{"@id":"https:\/\/www.visiterarles.com\/en\/blog\/2011\/03\/12\/programme-feria-de-paques-2011-a-arles\/"},"wordCount":132,"publisher":{"@id":"https:\/\/www.visiterarles.com\/en\/#organization"},"image":{"@id":"https:\/\/www.visiterarles.com\/en\/blog\/2011\/03\/12\/programme-feria-de-paques-2011-a-arles\/#primaryimage"},"thumbnailUrl":"https:\/\/www.visiterarles.com\/wp-content\/uploads\/2011\/03\/Affiche-f\u00e9ria-P\u00e2ques-2011.jpg","articleSection":["accueil","Actualit\u00e9s","L'agenda d'Arles","Liens utiles"],"inLanguage":"en-GB"},{"@type":"WebPage","@id":"https:\/\/www.visiterarles.com\/en\/blog\/2011\/03\/12\/programme-feria-de-paques-2011-a-arles\/","url":"https:\/\/www.visiterarles.com\/en\/blog\/2011\/03\/12\/programme-feria-de-paques-2011-a-arles\/","name":"Programme F\u00e9ria de P\u00e2ques 2011 \u00e0 Arles - Visiter Arles","isPartOf":{"@id":"https:\/\/www.visiterarles.com\/en\/#website"},"primaryImageOfPage":{"@id":"https:\/\/www.visiterarles.com\/en\/blog\/2011\/03\/12\/programme-feria-de-paques-2011-a-arles\/#primaryimage"},"image":{"@id":"https:\/\/www.visiterarles.com\/en\/blog\/2011\/03\/12\/programme-feria-de-paques-2011-a-arles\/#primaryimage"},"thumbnailUrl":"https:\/\/www.visiterarles.com\/wp-content\/uploads\/2011\/03\/Affiche-f\u00e9ria-P\u00e2ques-2011.jpg","datePublished":"2011-03-12T08:06:49+00:00","dateModified":"2011-03-16T13:20:46+00:00","breadcrumb":{"@id":"https:\/\/www.visiterarles.com\/en\/blog\/2011\/03\/12\/programme-feria-de-paques-2011-a-arles\/#breadcrumb"},"inLanguage":"en-GB","potentialAction":[{"@type":"ReadAction","target":["https:\/\/www.visiterarles.com\/en\/blog\/2011\/03\/12\/programme-feria-de-paques-2011-a-arles\/"]}]},{"@type":"ImageObject","inLanguage":"en-GB","@id":"https:\/\/www.visiterarles.com\/en\/blog\/2011\/03\/12\/programme-feria-de-paques-2011-a-arles\/#primaryimage","url":"https:\/\/www.visiterarles.com\/wp-content\/uploads\/2011\/03\/Affiche-f\u00e9ria-P\u00e2ques-2011.jpg","contentUrl":"https:\/\/www.visiterarles.com\/wp-content\/uploads\/2011\/03\/Affiche-f\u00e9ria-P\u00e2ques-2011.jpg","width":"800","height":"1600","caption":"Affiche f\u00e9ria P\u00e2ques 2011"},{"@type":"BreadcrumbList","@id":"https:\/\/www.visiterarles.com\/en\/blog\/2011\/03\/12\/programme-feria-de-paques-2011-a-arles\/#breadcrumb","itemListElement":[{"@type":"ListItem","position":1,"name":"Home","item":"https:\/\/www.visiterarles.com\/"},{"@type":"ListItem","position":2,"name":"Programme F\u00e9ria de P\u00e2ques 2011 \u00e0 Arles"}]},{"@type":"WebSite","@id":"https:\/\/www.visiterarles.com\/en\/#website","url":"https:\/\/www.visiterarles.com\/en\/","name":"Visiter Arles","description":"Tourisme en Provence \u00e0 Arles","publisher":{"@id":"https:\/\/www.visiterarles.com\/en\/#organization"},"potentialAction":[{"@type":"SearchAction","target":{"@type":"EntryPoint","urlTemplate":"https:\/\/www.visiterarles.com\/en\/?s={search_term_string}"},"query-input":"required name=search_term_string"}],"inLanguage":"en-GB"},{"@type":"Organization","@id":"https:\/\/www.visiterarles.com\/en\/#organization","name":"Visiter Arles","url":"https:\/\/www.visiterarles.com\/en\/","logo":{"@type":"ImageObject","inLanguage":"en-GB","@id":"https:\/\/www.visiterarles.com\/en\/#\/schema\/logo\/image\/","url":"https:\/\/www.visiterarles.com\/wp-content\/uploads\/2017\/10\/taco-and-co-1-1.jpg","contentUrl":"https:\/\/www.visiterarles.com\/wp-content\/uploads\/2017\/10\/taco-and-co-1-1.jpg","width":124,"height":73,"caption":"Visiter Arles"},"image":{"@id":"https:\/\/www.visiterarles.com\/en\/#\/schema\/logo\/image\/"}},{"@type":"Person","@id":"https:\/\/www.visiterarles.com\/en\/#\/schema\/person\/0ef93571b2fe272c676137a002139d56","name":"damien","image":{"@type":"ImageObject","inLanguage":"en-GB","@id":"https:\/\/www.visiterarles.com\/en\/#\/schema\/person\/image\/","url":"https:\/\/secure.gravatar.com\/avatar\/7a0d4f0af72a2d627adac81a8c10a5b6?s=96&d=mm&r=g","contentUrl":"https:\/\/secure.gravatar.com\/avatar\/7a0d4f0af72a2d627adac81a8c10a5b6?s=96&d=mm&r=g","caption":"damien"},"url":"https:\/\/www.visiterarles.com\/en\/blog\/author\/damien\/"}]}},"_links":{"self":[{"href":"https:\/\/www.visiterarles.com\/en\/wp-json\/wp\/v2\/posts\/942"}],"collection":[{"href":"https:\/\/www.visiterarles.com\/en\/wp-json\/wp\/v2\/posts"}],"about":[{"href":"https:\/\/www.visiterarles.com\/en\/wp-json\/wp\/v2\/types\/post"}],"author":[{"embeddable":true,"href":"https:\/\/www.visiterarles.com\/en\/wp-json\/wp\/v2\/users\/2"}],"replies":[{"embeddable":true,"href":"https:\/\/www.visiterarles.com\/en\/wp-json\/wp\/v2\/comments?post=942"}],"version-history":[{"count":0,"href":"https:\/\/www.visiterarles.com\/en\/wp-json\/wp\/v2\/posts\/942\/revisions"}],"wp:featuredmedia":[{"embeddable":true,"href":"https:\/\/www.visiterarles.com\/en\/wp-json\/wp\/v2\/media\/943"}],"wp:attachment":[{"href":"https:\/\/www.visiterarles.com\/en\/wp-json\/wp\/v2\/media?parent=942"}],"wp:term":[{"taxonomy":"category","embeddable":true,"href":"https:\/\/www.visiterarles.com\/en\/wp-json\/wp\/v2\/categories?post=942"},{"taxonomy":"post_tag","embeddable":true,"href":"https:\/\/www.visiterarles.com\/en\/wp-json\/wp\/v2\/tags?post=942"}],"curies":[{"name":"wp","href":"https:\/\/api.w.org\/{rel}","templated":true}]}}