{"id":989,"date":"2011-03-17T16:38:41","date_gmt":"2011-03-17T16:38:41","guid":{"rendered":"https:\/\/www.visiterarles.com\/?p=989"},"modified":"2011-03-17T16:38:41","modified_gmt":"2011-03-17T16:38:41","slug":"les-suds-a-arles-festival-des-musiques-du-monde","status":"publish","type":"post","link":"https:\/\/www.visiterarles.com\/en\/blog\/2011\/03\/17\/les-suds-a-arles-festival-des-musiques-du-monde\/","title":{"rendered":"Les Suds \u00e0 Arles, festival des musiques du monde"},"content":{"rendered":"<p>\u00ab\u00a0Les Suds \u00e0 Arles\u00a0\u00bb, festival \u00a0des musiques du monde qui nous propose chaque ann\u00e9e de nombreuses d\u00e9couvertes musicales avec une tr\u00e8s bonne programmation.<\/p>\n<p>Ne manquez pas les concerts au\u00a0th\u00e9\u00e2tre\u00a0Antique, c&rsquo;est magique!!<\/p>\n<p>C&rsquo;est un v\u00e9ritable festival eco-responsable qui s&rsquo;associe chaque ann\u00e9e avec Taco and Co et le p\u00f4le \u00e9cologique d&rsquo;Arles.<\/p>\n<p>Les SUDS, Maison des Suds<\/p>\n<p>66 rue du 4 septembre 13200 Arles<\/p>\n<p>T\u00e9l. 04 90 96 06 27 \/ Fax 04 90 96 79 48<\/p>\n<p>contact@<em>suds<\/em>&#8211;<em>arles<\/em>.com<\/p>\n<p><a title=\"Les Suds\" href=\"http:\/\/www.suds-arles.com\/\" target=\"_blank\">http:\/\/www.suds-arles.com\/<\/a><\/p>\n<figure id=\"attachment_714\" aria-describedby=\"caption-attachment-714\" style=\"width: 300px\" class=\"wp-caption aligncenter\"><a href=\"https:\/\/www.visiterarles.com\/wp-content\/uploads\/2011\/02\/les-suds-a-arles-logo.jpg\"><img fetchpriority=\"high\" decoding=\"async\" class=\"size-medium wp-image-714\" title=\"Les suds \u00e0 Arles\" src=\"https:\/\/www.visiterarles.com\/wp-content\/uploads\/2011\/02\/les-suds-a-arles-logo-300x300.jpg\" alt=\"Les suds \u00e0 Arles\" width=\"300\" height=\"300\" srcset=\"https:\/\/www.visiterarles.com\/wp-content\/uploads\/2011\/02\/les-suds-a-arles-logo-300x300.jpg 300w, https:\/\/www.visiterarles.com\/wp-content\/uploads\/2011\/02\/les-suds-a-arles-logo-150x150.jpg 150w, https:\/\/www.visiterarles.com\/wp-content\/uploads\/2011\/02\/les-suds-a-arles-logo-30x30.jpg 30w, https:\/\/www.visiterarles.com\/wp-content\/uploads\/2011\/02\/les-suds-a-arles-logo-84x84.jpg 84w, https:\/\/www.visiterarles.com\/wp-content\/uploads\/2011\/02\/les-suds-a-arles-logo-185x185.jpg 185w, https:\/\/www.visiterarles.com\/wp-content\/uploads\/2011\/02\/les-suds-a-arles-logo.jpg 600w\" sizes=\"(max-width: 300px) 100vw, 300px\" \/><\/a><figcaption id=\"caption-attachment-714\" class=\"wp-caption-text\">Les suds \u00e0 Arles<\/figcaption><\/figure>\n<p>&nbsp;<\/p>","protected":false},"excerpt":{"rendered":"<p>\u00ab\u00a0Les Suds \u00e0 Arles\u00a0\u00bb, festival \u00a0des musiques du monde qui nous propose chaque ann\u00e9e de nombreuses d\u00e9couvertes musicales avec une tr\u00e8s bonne programmation. Ne manquez pas les concerts au\u00a0th\u00e9\u00e2tre\u00a0Antique, c&rsquo;est magique!! C&rsquo;est un v\u00e9ritable festival eco-responsable qui s&rsquo;associe chaque ann\u00e9e avec Taco and Co et le p\u00f4le \u00e9cologique d&rsquo;Arles. Les SUDS, Maison des Suds 66 [&hellip;]<\/p>","protected":false},"author":2,"featured_media":714,"comment_status":"closed","ping_status":"closed","sticky":false,"template":"","format":"standard","meta":{"footnotes":""},"categories":[18,15],"tags":[],"aioseo_notices":[],"yoast_head":"<!-- This site is optimized with the Yoast SEO plugin v22.3 - https:\/\/yoast.com\/wordpress\/plugins\/seo\/ -->\n<title>Les Suds \u00e0 Arles, festival des musiques du monde - Visiter Arles<\/title>\n<meta name=\"robots\" content=\"index, follow, max-snippet:-1, max-image-preview:large, max-video-preview:-1\" \/>\n<link rel=\"canonical\" href=\"https:\/\/www.visiterarles.com\/en\/blog\/2011\/03\/17\/les-suds-a-arles-festival-des-musiques-du-monde\/\" \/>\n<meta name=\"twitter:label1\" content=\"Written by\" \/>\n\t<meta name=\"twitter:data1\" content=\"damien\" \/>\n<script type=\"application\/ld+json\" class=\"yoast-schema-graph\">{\"@context\":\"https:\/\/schema.org\",\"@graph\":[{\"@type\":\"Article\",\"@id\":\"https:\/\/www.visiterarles.com\/en\/blog\/2011\/03\/17\/les-suds-a-arles-festival-des-musiques-du-monde\/#article\",\"isPartOf\":{\"@id\":\"https:\/\/www.visiterarles.com\/en\/blog\/2011\/03\/17\/les-suds-a-arles-festival-des-musiques-du-monde\/\"},\"author\":{\"name\":\"damien\",\"@id\":\"https:\/\/www.visiterarles.com\/en\/#\/schema\/person\/0ef93571b2fe272c676137a002139d56\"},\"headline\":\"Les Suds \u00e0 Arles, festival des musiques du monde\",\"datePublished\":\"2011-03-17T16:38:41+00:00\",\"dateModified\":\"2011-03-17T16:38:41+00:00\",\"mainEntityOfPage\":{\"@id\":\"https:\/\/www.visiterarles.com\/en\/blog\/2011\/03\/17\/les-suds-a-arles-festival-des-musiques-du-monde\/\"},\"wordCount\":100,\"publisher\":{\"@id\":\"https:\/\/www.visiterarles.com\/en\/#organization\"},\"image\":{\"@id\":\"https:\/\/www.visiterarles.com\/en\/blog\/2011\/03\/17\/les-suds-a-arles-festival-des-musiques-du-monde\/#primaryimage\"},\"thumbnailUrl\":\"https:\/\/www.visiterarles.com\/wp-content\/uploads\/2011\/02\/les-suds-a-arles-logo.jpg\",\"articleSection\":[\"Les partenaires\",\"Liens utiles\"],\"inLanguage\":\"en-GB\"},{\"@type\":\"WebPage\",\"@id\":\"https:\/\/www.visiterarles.com\/en\/blog\/2011\/03\/17\/les-suds-a-arles-festival-des-musiques-du-monde\/\",\"url\":\"https:\/\/www.visiterarles.com\/en\/blog\/2011\/03\/17\/les-suds-a-arles-festival-des-musiques-du-monde\/\",\"name\":\"Les Suds \u00e0 Arles, festival des musiques du monde - Visiter Arles\",\"isPartOf\":{\"@id\":\"https:\/\/www.visiterarles.com\/en\/#website\"},\"primaryImageOfPage\":{\"@id\":\"https:\/\/www.visiterarles.com\/en\/blog\/2011\/03\/17\/les-suds-a-arles-festival-des-musiques-du-monde\/#primaryimage\"},\"image\":{\"@id\":\"https:\/\/www.visiterarles.com\/en\/blog\/2011\/03\/17\/les-suds-a-arles-festival-des-musiques-du-monde\/#primaryimage\"},\"thumbnailUrl\":\"https:\/\/www.visiterarles.com\/wp-content\/uploads\/2011\/02\/les-suds-a-arles-logo.jpg\",\"datePublished\":\"2011-03-17T16:38:41+00:00\",\"dateModified\":\"2011-03-17T16:38:41+00:00\",\"breadcrumb\":{\"@id\":\"https:\/\/www.visiterarles.com\/en\/blog\/2011\/03\/17\/les-suds-a-arles-festival-des-musiques-du-monde\/#breadcrumb\"},\"inLanguage\":\"en-GB\",\"potentialAction\":[{\"@type\":\"ReadAction\",\"target\":[\"https:\/\/www.visiterarles.com\/en\/blog\/2011\/03\/17\/les-suds-a-arles-festival-des-musiques-du-monde\/\"]}]},{\"@type\":\"ImageObject\",\"inLanguage\":\"en-GB\",\"@id\":\"https:\/\/www.visiterarles.com\/en\/blog\/2011\/03\/17\/les-suds-a-arles-festival-des-musiques-du-monde\/#primaryimage\",\"url\":\"https:\/\/www.visiterarles.com\/wp-content\/uploads\/2011\/02\/les-suds-a-arles-logo.jpg\",\"contentUrl\":\"https:\/\/www.visiterarles.com\/wp-content\/uploads\/2011\/02\/les-suds-a-arles-logo.jpg\",\"width\":\"600\",\"height\":\"600\",\"caption\":\"Les suds \u00e0 Arles\"},{\"@type\":\"BreadcrumbList\",\"@id\":\"https:\/\/www.visiterarles.com\/en\/blog\/2011\/03\/17\/les-suds-a-arles-festival-des-musiques-du-monde\/#breadcrumb\",\"itemListElement\":[{\"@type\":\"ListItem\",\"position\":1,\"name\":\"Home\",\"item\":\"https:\/\/www.visiterarles.com\/\"},{\"@type\":\"ListItem\",\"position\":2,\"name\":\"Les Suds \u00e0 Arles, festival des musiques du monde\"}]},{\"@type\":\"WebSite\",\"@id\":\"https:\/\/www.visiterarles.com\/en\/#website\",\"url\":\"https:\/\/www.visiterarles.com\/en\/\",\"name\":\"Visiter Arles\",\"description\":\"Tourisme en Provence \u00e0 Arles\",\"publisher\":{\"@id\":\"https:\/\/www.visiterarles.com\/en\/#organization\"},\"potentialAction\":[{\"@type\":\"SearchAction\",\"target\":{\"@type\":\"EntryPoint\",\"urlTemplate\":\"https:\/\/www.visiterarles.com\/en\/?s={search_term_string}\"},\"query-input\":\"required name=search_term_string\"}],\"inLanguage\":\"en-GB\"},{\"@type\":\"Organization\",\"@id\":\"https:\/\/www.visiterarles.com\/en\/#organization\",\"name\":\"Visiter Arles\",\"url\":\"https:\/\/www.visiterarles.com\/en\/\",\"logo\":{\"@type\":\"ImageObject\",\"inLanguage\":\"en-GB\",\"@id\":\"https:\/\/www.visiterarles.com\/en\/#\/schema\/logo\/image\/\",\"url\":\"https:\/\/www.visiterarles.com\/wp-content\/uploads\/2017\/10\/taco-and-co-1-1.jpg\",\"contentUrl\":\"https:\/\/www.visiterarles.com\/wp-content\/uploads\/2017\/10\/taco-and-co-1-1.jpg\",\"width\":124,\"height\":73,\"caption\":\"Visiter Arles\"},\"image\":{\"@id\":\"https:\/\/www.visiterarles.com\/en\/#\/schema\/logo\/image\/\"}},{\"@type\":\"Person\",\"@id\":\"https:\/\/www.visiterarles.com\/en\/#\/schema\/person\/0ef93571b2fe272c676137a002139d56\",\"name\":\"damien\",\"image\":{\"@type\":\"ImageObject\",\"inLanguage\":\"en-GB\",\"@id\":\"https:\/\/www.visiterarles.com\/en\/#\/schema\/person\/image\/\",\"url\":\"https:\/\/secure.gravatar.com\/avatar\/7a0d4f0af72a2d627adac81a8c10a5b6?s=96&d=mm&r=g\",\"contentUrl\":\"https:\/\/secure.gravatar.com\/avatar\/7a0d4f0af72a2d627adac81a8c10a5b6?s=96&d=mm&r=g\",\"caption\":\"damien\"},\"url\":\"https:\/\/www.visiterarles.com\/en\/blog\/author\/damien\/\"}]}<\/script>\n<!-- \/ Yoast SEO plugin. -->","yoast_head_json":{"title":"Les Suds \u00e0 Arles, festival des musiques du monde - Visiter Arles","robots":{"index":"index","follow":"follow","max-snippet":"max-snippet:-1","max-image-preview":"max-image-preview:large","max-video-preview":"max-video-preview:-1"},"canonical":"https:\/\/www.visiterarles.com\/en\/blog\/2011\/03\/17\/les-suds-a-arles-festival-des-musiques-du-monde\/","twitter_misc":{"Written by":"damien"},"schema":{"@context":"https:\/\/schema.org","@graph":[{"@type":"Article","@id":"https:\/\/www.visiterarles.com\/en\/blog\/2011\/03\/17\/les-suds-a-arles-festival-des-musiques-du-monde\/#article","isPartOf":{"@id":"https:\/\/www.visiterarles.com\/en\/blog\/2011\/03\/17\/les-suds-a-arles-festival-des-musiques-du-monde\/"},"author":{"name":"damien","@id":"https:\/\/www.visiterarles.com\/en\/#\/schema\/person\/0ef93571b2fe272c676137a002139d56"},"headline":"Les Suds \u00e0 Arles, festival des musiques du monde","datePublished":"2011-03-17T16:38:41+00:00","dateModified":"2011-03-17T16:38:41+00:00","mainEntityOfPage":{"@id":"https:\/\/www.visiterarles.com\/en\/blog\/2011\/03\/17\/les-suds-a-arles-festival-des-musiques-du-monde\/"},"wordCount":100,"publisher":{"@id":"https:\/\/www.visiterarles.com\/en\/#organization"},"image":{"@id":"https:\/\/www.visiterarles.com\/en\/blog\/2011\/03\/17\/les-suds-a-arles-festival-des-musiques-du-monde\/#primaryimage"},"thumbnailUrl":"https:\/\/www.visiterarles.com\/wp-content\/uploads\/2011\/02\/les-suds-a-arles-logo.jpg","articleSection":["Les partenaires","Liens utiles"],"inLanguage":"en-GB"},{"@type":"WebPage","@id":"https:\/\/www.visiterarles.com\/en\/blog\/2011\/03\/17\/les-suds-a-arles-festival-des-musiques-du-monde\/","url":"https:\/\/www.visiterarles.com\/en\/blog\/2011\/03\/17\/les-suds-a-arles-festival-des-musiques-du-monde\/","name":"Les Suds \u00e0 Arles, festival des musiques du monde - Visiter Arles","isPartOf":{"@id":"https:\/\/www.visiterarles.com\/en\/#website"},"primaryImageOfPage":{"@id":"https:\/\/www.visiterarles.com\/en\/blog\/2011\/03\/17\/les-suds-a-arles-festival-des-musiques-du-monde\/#primaryimage"},"image":{"@id":"https:\/\/www.visiterarles.com\/en\/blog\/2011\/03\/17\/les-suds-a-arles-festival-des-musiques-du-monde\/#primaryimage"},"thumbnailUrl":"https:\/\/www.visiterarles.com\/wp-content\/uploads\/2011\/02\/les-suds-a-arles-logo.jpg","datePublished":"2011-03-17T16:38:41+00:00","dateModified":"2011-03-17T16:38:41+00:00","breadcrumb":{"@id":"https:\/\/www.visiterarles.com\/en\/blog\/2011\/03\/17\/les-suds-a-arles-festival-des-musiques-du-monde\/#breadcrumb"},"inLanguage":"en-GB","potentialAction":[{"@type":"ReadAction","target":["https:\/\/www.visiterarles.com\/en\/blog\/2011\/03\/17\/les-suds-a-arles-festival-des-musiques-du-monde\/"]}]},{"@type":"ImageObject","inLanguage":"en-GB","@id":"https:\/\/www.visiterarles.com\/en\/blog\/2011\/03\/17\/les-suds-a-arles-festival-des-musiques-du-monde\/#primaryimage","url":"https:\/\/www.visiterarles.com\/wp-content\/uploads\/2011\/02\/les-suds-a-arles-logo.jpg","contentUrl":"https:\/\/www.visiterarles.com\/wp-content\/uploads\/2011\/02\/les-suds-a-arles-logo.jpg","width":"600","height":"600","caption":"Les suds \u00e0 Arles"},{"@type":"BreadcrumbList","@id":"https:\/\/www.visiterarles.com\/en\/blog\/2011\/03\/17\/les-suds-a-arles-festival-des-musiques-du-monde\/#breadcrumb","itemListElement":[{"@type":"ListItem","position":1,"name":"Home","item":"https:\/\/www.visiterarles.com\/"},{"@type":"ListItem","position":2,"name":"Les Suds \u00e0 Arles, festival des musiques du monde"}]},{"@type":"WebSite","@id":"https:\/\/www.visiterarles.com\/en\/#website","url":"https:\/\/www.visiterarles.com\/en\/","name":"Visiter Arles","description":"Tourisme en Provence \u00e0 Arles","publisher":{"@id":"https:\/\/www.visiterarles.com\/en\/#organization"},"potentialAction":[{"@type":"SearchAction","target":{"@type":"EntryPoint","urlTemplate":"https:\/\/www.visiterarles.com\/en\/?s={search_term_string}"},"query-input":"required name=search_term_string"}],"inLanguage":"en-GB"},{"@type":"Organization","@id":"https:\/\/www.visiterarles.com\/en\/#organization","name":"Visiter Arles","url":"https:\/\/www.visiterarles.com\/en\/","logo":{"@type":"ImageObject","inLanguage":"en-GB","@id":"https:\/\/www.visiterarles.com\/en\/#\/schema\/logo\/image\/","url":"https:\/\/www.visiterarles.com\/wp-content\/uploads\/2017\/10\/taco-and-co-1-1.jpg","contentUrl":"https:\/\/www.visiterarles.com\/wp-content\/uploads\/2017\/10\/taco-and-co-1-1.jpg","width":124,"height":73,"caption":"Visiter Arles"},"image":{"@id":"https:\/\/www.visiterarles.com\/en\/#\/schema\/logo\/image\/"}},{"@type":"Person","@id":"https:\/\/www.visiterarles.com\/en\/#\/schema\/person\/0ef93571b2fe272c676137a002139d56","name":"damien","image":{"@type":"ImageObject","inLanguage":"en-GB","@id":"https:\/\/www.visiterarles.com\/en\/#\/schema\/person\/image\/","url":"https:\/\/secure.gravatar.com\/avatar\/7a0d4f0af72a2d627adac81a8c10a5b6?s=96&d=mm&r=g","contentUrl":"https:\/\/secure.gravatar.com\/avatar\/7a0d4f0af72a2d627adac81a8c10a5b6?s=96&d=mm&r=g","caption":"damien"},"url":"https:\/\/www.visiterarles.com\/en\/blog\/author\/damien\/"}]}},"_links":{"self":[{"href":"https:\/\/www.visiterarles.com\/en\/wp-json\/wp\/v2\/posts\/989"}],"collection":[{"href":"https:\/\/www.visiterarles.com\/en\/wp-json\/wp\/v2\/posts"}],"about":[{"href":"https:\/\/www.visiterarles.com\/en\/wp-json\/wp\/v2\/types\/post"}],"author":[{"embeddable":true,"href":"https:\/\/www.visiterarles.com\/en\/wp-json\/wp\/v2\/users\/2"}],"replies":[{"embeddable":true,"href":"https:\/\/www.visiterarles.com\/en\/wp-json\/wp\/v2\/comments?post=989"}],"version-history":[{"count":0,"href":"https:\/\/www.visiterarles.com\/en\/wp-json\/wp\/v2\/posts\/989\/revisions"}],"wp:featuredmedia":[{"embeddable":true,"href":"https:\/\/www.visiterarles.com\/en\/wp-json\/wp\/v2\/media\/714"}],"wp:attachment":[{"href":"https:\/\/www.visiterarles.com\/en\/wp-json\/wp\/v2\/media?parent=989"}],"wp:term":[{"taxonomy":"category","embeddable":true,"href":"https:\/\/www.visiterarles.com\/en\/wp-json\/wp\/v2\/categories?post=989"},{"taxonomy":"post_tag","embeddable":true,"href":"https:\/\/www.visiterarles.com\/en\/wp-json\/wp\/v2\/tags?post=989"}],"curies":[{"name":"wp","href":"https:\/\/api.w.org\/{rel}","templated":true}]}}